{"id":5016,"date":"2026-02-16T17:21:19","date_gmt":"2026-02-16T17:21:19","guid":{"rendered":"https:\/\/sacalmaboats.com\/responsable-flota"},"modified":"2026-02-16T17:23:55","modified_gmt":"2026-02-16T17:23:55","slug":"responsable-flota","status":"publish","type":"post","link":"https:\/\/sacalmaboats.com\/es\/responsable-flota","title":{"rendered":"Responsable de flota"},"content":{"rendered":"[vc_row type=\u00bbin_container\u00bb full_screen_row_position=\u00bbmiddle\u00bb column_margin=\u00bbdefault\u00bb column_direction=\u00bbdefault\u00bb column_direction_tablet=\u00bbdefault\u00bb column_direction_phone=\u00bbdefault\u00bb scene_position=\u00bbcenter\u00bb text_color=\u00bbdark\u00bb text_align=\u00bbleft\u00bb row_border_radius=\u00bbnone\u00bb row_border_radius_applies=\u00bbbg\u00bb row_position_desktop=\u00bbdefault\u00bb row_position_tablet=\u00bbinherit\u00bb row_position_phone=\u00bbinherit\u00bb overflow=\u00bbvisible\u00bb overlay_strength=\u00bb0.3&#8243; gradient_direction=\u00bbleft_to_right\u00bb shape_divider_position=\u00bbbottom\u00bb bg_image_animation=\u00bbnone\u00bb][vc_column column_padding=\u00bbno-extra-padding\u00bb column_padding_tablet=\u00bbinherit\u00bb column_padding_phone=\u00bbinherit\u00bb column_padding_position=\u00bball\u00bb flex_gap_desktop=\u00bb10px\u00bb column_element_direction_desktop=\u00bbdefault\u00bb column_element_spacing=\u00bbdefault\u00bb desktop_text_alignment=\u00bbdefault\u00bb tablet_text_alignment=\u00bbdefault\u00bb phone_text_alignment=\u00bbdefault\u00bb background_color_opacity=\u00bb1&#8243; background_hover_color_opacity=\u00bb1&#8243; column_backdrop_filter=\u00bbnone\u00bb column_shadow=\u00bbnone\u00bb column_border_radius=\u00bbnone\u00bb column_link_target=\u00bb_self\u00bb column_position=\u00bbdefault\u00bb gradient_direction=\u00bbleft_to_right\u00bb overlay_strength=\u00bb0.3&#8243; width=\u00bb1\/1&#8243; tablet_width_inherit=\u00bbdefault\u00bb animation_type=\u00bbdefault\u00bb bg_image_animation=\u00bbnone\u00bb border_type=\u00bbsimple\u00bb column_border_width=\u00bbnone\u00bb column_border_style=\u00bbsolid\u00bb][vc_column_text css=\u00bb\u00bb text_direction=\u00bbdefault\u00bb]\n<h1>Responsable de Flota (Apoyo operativo a genercia)<\/h1>\n<div><\/div>\n<div>\ud83d\udee5\ufe0f Sobre Sa Calma Boats<\/div>\n<div><\/div>\n<div>Sa Calma Boats es una empresa especializada en experiencias n\u00e1uticas profesionales y gesti\u00f3n de embarcaciones con patr\u00f3n en Baleares. Operamos en distintos puertos y trabajamos en coordinaci\u00f3n con clubs n\u00e1uticos, autoridades portuarias y colaboradores estrat\u00e9gicos del sector. <\/div>\n<div><\/div>\n<div>Nos caracteriza una forma de trabajar estructurada, exigente y profesional. Apostamos por: <\/div>\n<div>\u2022Seguridad y cumplimiento normativo riguroso<\/div>\n<div>\u2022Imagen cuidada y est\u00e1ndares altos de operativa<\/div>\n<div>\u2022Coordinaci\u00f3n eficiente entre mar y tierra<\/div>\n<div>\u2022Mentalidad de crecimiento y mejora continua<\/div>\n<div>\u2022Compromiso real con el equipo y el proyecto<\/div>\n<div><\/div>\n<div>Somos una empresa en evoluci\u00f3n constante, con visi\u00f3n a medio y largo plazo dentro del sector n\u00e1utico balear.<\/div>\n<div><\/div>\n<div><\/div>\n<div>\ud83c\udfaf Misi\u00f3n del puesto<\/div>\n<div><\/div>\n<div>Buscamos una persona que act\u00fae como apoyo operativo directo a gerencia, asegurando que la flota y el equipo funcionen con orden, coordinaci\u00f3n y eficacia en el d\u00eda a d\u00eda.<\/div>\n<div><\/div>\n<div>Es un puesto de supervisi\u00f3n, coordinaci\u00f3n y seguimiento operativo.<\/div>\n<div><\/div>\n<div><\/div>\n<div>\ud83d\udccb Funciones principales<\/div>\n<div>\u2022Supervisi\u00f3n diaria del estado operativo de la flota<\/div>\n<div>\u2022Coordinaci\u00f3n directa con el departamento de mantenimiento<\/div>\n<div>\u2022Seguimiento de incidencias hasta su resoluci\u00f3n<\/div>\n<div>\u2022Coordinaci\u00f3n con patrones y tripulaci\u00f3n<\/div>\n<div>\u2022Control de preparaci\u00f3n y operatividad en distintos puertos<\/div>\n<div>\u2022Apoyo en planificaci\u00f3n operativa<\/div>\n<div>\u2022Reporte directo a gerencia<\/div>\n<div>\u2022Propuesta de mejoras organizativas<\/div>\n<div><\/div>\n<div>\ud83d\udc64 Perfil que buscamos<\/div>\n<div><\/div>\n<div>Buscamos una persona con:<\/div>\n<div>\u2022Actitud, compromiso y responsabilidad<\/div>\n<div>\u2022Capacidad de liderazgo natural<\/div>\n<div>\u2022Mentalidad resolutiva<\/div>\n<div>\u2022Orden y organizaci\u00f3n<\/div>\n<div>\u2022Ganas reales de crecer dentro del proyecto<\/div>\n<div>\u2022Capacidad para generar respeto desde el ejemplo<\/div>\n<div><\/div>\n<div>\ud83d\udccd Muy importante:<\/div>\n<div><\/div>\n<div>Debe ser una persona con disponibilidad para moverse entre distintos puertos donde operamos e incluso realizar desplazamientos puntuales o viajes si la operativa lo requiere.<\/div>\n<div><\/div>\n<div><\/div>\n<div>\ud83c\udf93 Formaci\u00f3n \/ experiencia valorable<\/div>\n<div>\u2022Patr\u00f3n profesional<\/div>\n<div>\u2022Ingeniero naval<\/div>\n<div>\u2022Formaci\u00f3n t\u00e9cnica vinculada al sector mar\u00edtimo<\/div>\n<div>\u2022Experiencia en empresas de charter, excursiones o gesti\u00f3n de flota<\/div>\n<div>\u2022Experiencia en coordinaci\u00f3n de equipos operativos<\/div>\n<div>\u2022Titulaciones n\u00e1uticas profesionales<\/div>\n<div><\/div>\n<div>No es imprescindible una alta especializaci\u00f3n t\u00e9cnica, pero s\u00ed conocimiento del entorno n\u00e1utico y capacidad de gesti\u00f3n operativa.<\/div>\n<div><\/div>\n<div><\/div>\n<div>\ud83d\udcbc Qu\u00e9 ofrecemos<\/div>\n<div>\u2022Posici\u00f3n de confianza con relaci\u00f3n directa a gerencia<\/div>\n<div>\u2022Proyecto s\u00f3lido y en crecimiento<\/div>\n<div>\u2022Posibilidad real de evoluci\u00f3n interna<\/div>\n<div>\u2022Entorno profesional, din\u00e1mico y exigente<\/div>\n<div>\u2022Participaci\u00f3n activa en el desarrollo operativo de la empresa<\/div>\n[\/vc_column_text][\/vc_column][\/vc_row]\n","protected":false},"excerpt":{"rendered":"<p>[vc_row type=\u00bbin_container\u00bb full_screen_row_position=\u00bbmiddle\u00bb column_margin=\u00bbdefault\u00bb column_direction=\u00bbdefault\u00bb column_direction_tablet=\u00bbdefault\u00bb column_direction_phone=\u00bbdefault\u00bb scene_position=\u00bbcenter\u00bb text_color=\u00bbdark\u00bb text_align=\u00bbleft\u00bb row_border_radius=\u00bbnone\u00bb row_border_radius_applies=\u00bbbg\u00bb row_position_desktop=\u00bbdefault\u00bb row_position_tablet=\u00bbinherit\u00bb row_position_phone=\u00bbinherit\u00bb overflow=\u00bbvisible\u00bb overlay_strength=\u00bb0.3&#8243; gradient_direction=\u00bbleft_to_right\u00bb shape_divider_position=\u00bbbottom\u00bb bg_image_animation=\u00bbnone\u00bb][vc_column column_padding=\u00bbno-extra-padding\u00bb column_padding_tablet=\u00bbinherit\u00bb column_padding_phone=\u00bbinherit\u00bb column_padding_position=\u00bball\u00bb flex_gap_desktop=\u00bb10px\u00bb column_element_direction_desktop=\u00bbdefault\u00bb column_element_spacing=\u00bbdefault\u00bb desktop_text_alignment=\u00bbdefault\u00bb tablet_text_alignment=\u00bbdefault\u00bb phone_text_alignment=\u00bbdefault\u00bb&#8230;<\/p>\n","protected":false},"author":1,"featured_media":4931,"comment_status":"closed","ping_status":"closed","sticky":false,"template":"","format":"standard","meta":{"footnotes":""},"categories":[46],"tags":[],"class_list":{"0":"post-5016","1":"post","2":"type-post","3":"status-publish","4":"format-standard","5":"has-post-thumbnail","7":"category-jobs"},"yoast_head":"<!-- This site is optimized with the Yoast SEO plugin v27.2 - https:\/\/yoast.com\/product\/yoast-seo-wordpress\/ -->\n<title>Responsable de flota - Sa Calma Boats<\/title>\n<meta name=\"robots\" content=\"index, follow, max-snippet:-1, max-image-preview:large, max-video-preview:-1\" \/>\n<link rel=\"canonical\" href=\"https:\/\/sacalmaboats.com\/es\/responsable-flota\" \/>\n<meta property=\"og:locale\" content=\"es_ES\" \/>\n<meta property=\"og:type\" content=\"article\" \/>\n<meta property=\"og:title\" content=\"Responsable de flota - Sa Calma Boats\" \/>\n<meta property=\"og:description\" content=\"[vc_row type=\u00bbin_container\u00bb full_screen_row_position=\u00bbmiddle\u00bb column_margin=\u00bbdefault\u00bb column_direction=\u00bbdefault\u00bb column_direction_tablet=\u00bbdefault\u00bb column_direction_phone=\u00bbdefault\u00bb scene_position=\u00bbcenter\u00bb text_color=\u00bbdark\u00bb text_align=\u00bbleft\u00bb row_border_radius=\u00bbnone\u00bb row_border_radius_applies=\u00bbbg\u00bb row_position_desktop=\u00bbdefault\u00bb row_position_tablet=\u00bbinherit\u00bb row_position_phone=\u00bbinherit\u00bb overflow=\u00bbvisible\u00bb overlay_strength=\u00bb0.3&#8243; gradient_direction=\u00bbleft_to_right\u00bb shape_divider_position=\u00bbbottom\u00bb bg_image_animation=\u00bbnone\u00bb][vc_column column_padding=\u00bbno-extra-padding\u00bb column_padding_tablet=\u00bbinherit\u00bb column_padding_phone=\u00bbinherit\u00bb column_padding_position=\u00bball\u00bb flex_gap_desktop=\u00bb10px\u00bb column_element_direction_desktop=\u00bbdefault\u00bb column_element_spacing=\u00bbdefault\u00bb desktop_text_alignment=\u00bbdefault\u00bb tablet_text_alignment=\u00bbdefault\u00bb phone_text_alignment=\u00bbdefault\u00bb...\" \/>\n<meta property=\"og:url\" content=\"https:\/\/sacalmaboats.com\/es\/responsable-flota\" \/>\n<meta property=\"og:site_name\" content=\"Sa Calma Boats\" \/>\n<meta property=\"article:publisher\" content=\"https:\/\/www.facebook.com\/sacalmaboats\/\" \/>\n<meta property=\"article:published_time\" content=\"2026-02-16T17:21:19+00:00\" \/>\n<meta property=\"article:modified_time\" content=\"2026-02-16T17:23:55+00:00\" \/>\n<meta property=\"og:image\" content=\"https:\/\/sacalmaboats.com\/wp-content\/uploads\/2026\/01\/Captura-de-pantalla-2026-01-30-a-las-17.21.25.webp\" \/>\n\t<meta property=\"og:image:width\" content=\"782\" \/>\n\t<meta property=\"og:image:height\" content=\"512\" \/>\n\t<meta property=\"og:image:type\" content=\"image\/png\" \/>\n<meta name=\"author\" content=\"Bego\" \/>\n<meta name=\"twitter:card\" content=\"summary_large_image\" \/>\n<meta name=\"twitter:label1\" content=\"Escrito por\" \/>\n\t<meta name=\"twitter:data1\" content=\"Bego\" \/>\n\t<meta name=\"twitter:label2\" content=\"Tiempo de lectura\" \/>\n\t<meta name=\"twitter:data2\" content=\"3 minutos\" \/>\n<script type=\"application\/ld+json\" class=\"yoast-schema-graph\">{\"@context\":\"https:\/\/schema.org\",\"@graph\":[{\"@type\":\"Article\",\"@id\":\"https:\/\/sacalmaboats.com\/es\/responsable-flota#article\",\"isPartOf\":{\"@id\":\"https:\/\/sacalmaboats.com\/es\/responsable-flota\"},\"author\":{\"name\":\"Bego\",\"@id\":\"https:\/\/sacalmaboats.com\/es#\/schema\/person\/6468abb6d986d70bdc61e232d9b151e7\"},\"headline\":\"Responsable de flota\",\"datePublished\":\"2026-02-16T17:21:19+00:00\",\"dateModified\":\"2026-02-16T17:23:55+00:00\",\"mainEntityOfPage\":{\"@id\":\"https:\/\/sacalmaboats.com\/es\/responsable-flota\"},\"wordCount\":573,\"publisher\":{\"@id\":\"https:\/\/sacalmaboats.com\/es#organization\"},\"image\":{\"@id\":\"https:\/\/sacalmaboats.com\/es\/responsable-flota#primaryimage\"},\"thumbnailUrl\":\"https:\/\/sacalmaboats.com\/wp-content\/uploads\/2026\/01\/Captura-de-pantalla-2026-01-30-a-las-17.21.25.webp\",\"articleSection\":[\"Jobs\"],\"inLanguage\":\"es\"},{\"@type\":\"WebPage\",\"@id\":\"https:\/\/sacalmaboats.com\/es\/responsable-flota\",\"url\":\"https:\/\/sacalmaboats.com\/es\/responsable-flota\",\"name\":\"Responsable de flota - Sa Calma Boats\",\"isPartOf\":{\"@id\":\"https:\/\/sacalmaboats.com\/es#website\"},\"primaryImageOfPage\":{\"@id\":\"https:\/\/sacalmaboats.com\/es\/responsable-flota#primaryimage\"},\"image\":{\"@id\":\"https:\/\/sacalmaboats.com\/es\/responsable-flota#primaryimage\"},\"thumbnailUrl\":\"https:\/\/sacalmaboats.com\/wp-content\/uploads\/2026\/01\/Captura-de-pantalla-2026-01-30-a-las-17.21.25.webp\",\"datePublished\":\"2026-02-16T17:21:19+00:00\",\"dateModified\":\"2026-02-16T17:23:55+00:00\",\"breadcrumb\":{\"@id\":\"https:\/\/sacalmaboats.com\/es\/responsable-flota#breadcrumb\"},\"inLanguage\":\"es\",\"potentialAction\":[{\"@type\":\"ReadAction\",\"target\":[\"https:\/\/sacalmaboats.com\/es\/responsable-flota\"]}]},{\"@type\":\"ImageObject\",\"inLanguage\":\"es\",\"@id\":\"https:\/\/sacalmaboats.com\/es\/responsable-flota#primaryimage\",\"url\":\"https:\/\/sacalmaboats.com\/wp-content\/uploads\/2026\/01\/Captura-de-pantalla-2026-01-30-a-las-17.21.25.webp\",\"contentUrl\":\"https:\/\/sacalmaboats.com\/wp-content\/uploads\/2026\/01\/Captura-de-pantalla-2026-01-30-a-las-17.21.25.webp\",\"width\":782,\"height\":512},{\"@type\":\"BreadcrumbList\",\"@id\":\"https:\/\/sacalmaboats.com\/es\/responsable-flota#breadcrumb\",\"itemListElement\":[{\"@type\":\"ListItem\",\"position\":1,\"name\":\"Portada\",\"item\":\"https:\/\/sacalmaboats.com\/es\"},{\"@type\":\"ListItem\",\"position\":2,\"name\":\"Responsable de flota\"}]},{\"@type\":\"WebSite\",\"@id\":\"https:\/\/sacalmaboats.com\/es#website\",\"url\":\"https:\/\/sacalmaboats.com\/es\",\"name\":\"Sa Calma Boats\",\"description\":\"Sa Calma Boats offers unforgettable adventures on Mallorca\u2019s stunning waters. From relaxing boat tours and thrilling speedboat rides to private charters, they provide tailored experiences for every occasion. With departures from Can Pastilla, Palma City, Arenal, and Andratx, guests can explore hidden coves, snorkel in crystal-clear waters, and visit iconic spots like Dragonera Island.\",\"publisher\":{\"@id\":\"https:\/\/sacalmaboats.com\/es#organization\"},\"alternateName\":\"Calma Boats\",\"potentialAction\":[{\"@type\":\"SearchAction\",\"target\":{\"@type\":\"EntryPoint\",\"urlTemplate\":\"https:\/\/sacalmaboats.com\/es?s={search_term_string}\"},\"query-input\":{\"@type\":\"PropertyValueSpecification\",\"valueRequired\":true,\"valueName\":\"search_term_string\"}}],\"inLanguage\":\"es\"},{\"@type\":\"Organization\",\"@id\":\"https:\/\/sacalmaboats.com\/es#organization\",\"name\":\"Sa Calma Boats\",\"alternateName\":\"Sa Calma Boats SL\",\"url\":\"https:\/\/sacalmaboats.com\/es\",\"logo\":{\"@type\":\"ImageObject\",\"inLanguage\":\"es\",\"@id\":\"https:\/\/sacalmaboats.com\/es#\/schema\/logo\/image\/\",\"url\":\"https:\/\/sacalmaboats.com\/wp-content\/uploads\/2025\/02\/3.png\",\"contentUrl\":\"https:\/\/sacalmaboats.com\/wp-content\/uploads\/2025\/02\/3.png\",\"width\":512,\"height\":512,\"caption\":\"Sa Calma Boats\"},\"image\":{\"@id\":\"https:\/\/sacalmaboats.com\/es#\/schema\/logo\/image\/\"},\"sameAs\":[\"https:\/\/www.facebook.com\/sacalmaboats\/\",\"https:\/\/instagram.com\/sacalmaboats\",\"https:\/\/www.tripadvisor.com\/Attraction_Review-g187463-d25232317-Reviews-Sa_Calma_Boats-Palma_de_Mallorca_Majorca_Balearic_Islands.html\"]},{\"@type\":\"Person\",\"@id\":\"https:\/\/sacalmaboats.com\/es#\/schema\/person\/6468abb6d986d70bdc61e232d9b151e7\",\"name\":\"Bego\",\"sameAs\":[\"https:\/\/sacalmaboats.live-website.com\"]}]}<\/script>\n<!-- \/ Yoast SEO plugin. -->","yoast_head_json":{"title":"Responsable de flota - Sa Calma Boats","robots":{"index":"index","follow":"follow","max-snippet":"max-snippet:-1","max-image-preview":"max-image-preview:large","max-video-preview":"max-video-preview:-1"},"canonical":"https:\/\/sacalmaboats.com\/es\/responsable-flota","og_locale":"es_ES","og_type":"article","og_title":"Responsable de flota - Sa Calma Boats","og_description":"[vc_row type=\u00bbin_container\u00bb full_screen_row_position=\u00bbmiddle\u00bb column_margin=\u00bbdefault\u00bb column_direction=\u00bbdefault\u00bb column_direction_tablet=\u00bbdefault\u00bb column_direction_phone=\u00bbdefault\u00bb scene_position=\u00bbcenter\u00bb text_color=\u00bbdark\u00bb text_align=\u00bbleft\u00bb row_border_radius=\u00bbnone\u00bb row_border_radius_applies=\u00bbbg\u00bb row_position_desktop=\u00bbdefault\u00bb row_position_tablet=\u00bbinherit\u00bb row_position_phone=\u00bbinherit\u00bb overflow=\u00bbvisible\u00bb overlay_strength=\u00bb0.3&#8243; gradient_direction=\u00bbleft_to_right\u00bb shape_divider_position=\u00bbbottom\u00bb bg_image_animation=\u00bbnone\u00bb][vc_column column_padding=\u00bbno-extra-padding\u00bb column_padding_tablet=\u00bbinherit\u00bb column_padding_phone=\u00bbinherit\u00bb column_padding_position=\u00bball\u00bb flex_gap_desktop=\u00bb10px\u00bb column_element_direction_desktop=\u00bbdefault\u00bb column_element_spacing=\u00bbdefault\u00bb desktop_text_alignment=\u00bbdefault\u00bb tablet_text_alignment=\u00bbdefault\u00bb phone_text_alignment=\u00bbdefault\u00bb...","og_url":"https:\/\/sacalmaboats.com\/es\/responsable-flota","og_site_name":"Sa Calma Boats","article_publisher":"https:\/\/www.facebook.com\/sacalmaboats\/","article_published_time":"2026-02-16T17:21:19+00:00","article_modified_time":"2026-02-16T17:23:55+00:00","og_image":[{"width":782,"height":512,"url":"https:\/\/sacalmaboats.com\/wp-content\/uploads\/2026\/01\/Captura-de-pantalla-2026-01-30-a-las-17.21.25.webp","type":"image\/png"}],"author":"Bego","twitter_card":"summary_large_image","twitter_misc":{"Escrito por":"Bego","Tiempo de lectura":"3 minutos"},"schema":{"@context":"https:\/\/schema.org","@graph":[{"@type":"Article","@id":"https:\/\/sacalmaboats.com\/es\/responsable-flota#article","isPartOf":{"@id":"https:\/\/sacalmaboats.com\/es\/responsable-flota"},"author":{"name":"Bego","@id":"https:\/\/sacalmaboats.com\/es#\/schema\/person\/6468abb6d986d70bdc61e232d9b151e7"},"headline":"Responsable de flota","datePublished":"2026-02-16T17:21:19+00:00","dateModified":"2026-02-16T17:23:55+00:00","mainEntityOfPage":{"@id":"https:\/\/sacalmaboats.com\/es\/responsable-flota"},"wordCount":573,"publisher":{"@id":"https:\/\/sacalmaboats.com\/es#organization"},"image":{"@id":"https:\/\/sacalmaboats.com\/es\/responsable-flota#primaryimage"},"thumbnailUrl":"https:\/\/sacalmaboats.com\/wp-content\/uploads\/2026\/01\/Captura-de-pantalla-2026-01-30-a-las-17.21.25.webp","articleSection":["Jobs"],"inLanguage":"es"},{"@type":"WebPage","@id":"https:\/\/sacalmaboats.com\/es\/responsable-flota","url":"https:\/\/sacalmaboats.com\/es\/responsable-flota","name":"Responsable de flota - Sa Calma Boats","isPartOf":{"@id":"https:\/\/sacalmaboats.com\/es#website"},"primaryImageOfPage":{"@id":"https:\/\/sacalmaboats.com\/es\/responsable-flota#primaryimage"},"image":{"@id":"https:\/\/sacalmaboats.com\/es\/responsable-flota#primaryimage"},"thumbnailUrl":"https:\/\/sacalmaboats.com\/wp-content\/uploads\/2026\/01\/Captura-de-pantalla-2026-01-30-a-las-17.21.25.webp","datePublished":"2026-02-16T17:21:19+00:00","dateModified":"2026-02-16T17:23:55+00:00","breadcrumb":{"@id":"https:\/\/sacalmaboats.com\/es\/responsable-flota#breadcrumb"},"inLanguage":"es","potentialAction":[{"@type":"ReadAction","target":["https:\/\/sacalmaboats.com\/es\/responsable-flota"]}]},{"@type":"ImageObject","inLanguage":"es","@id":"https:\/\/sacalmaboats.com\/es\/responsable-flota#primaryimage","url":"https:\/\/sacalmaboats.com\/wp-content\/uploads\/2026\/01\/Captura-de-pantalla-2026-01-30-a-las-17.21.25.webp","contentUrl":"https:\/\/sacalmaboats.com\/wp-content\/uploads\/2026\/01\/Captura-de-pantalla-2026-01-30-a-las-17.21.25.webp","width":782,"height":512},{"@type":"BreadcrumbList","@id":"https:\/\/sacalmaboats.com\/es\/responsable-flota#breadcrumb","itemListElement":[{"@type":"ListItem","position":1,"name":"Portada","item":"https:\/\/sacalmaboats.com\/es"},{"@type":"ListItem","position":2,"name":"Responsable de flota"}]},{"@type":"WebSite","@id":"https:\/\/sacalmaboats.com\/es#website","url":"https:\/\/sacalmaboats.com\/es","name":"Sa Calma Boats","description":"Sa Calma Boats offers unforgettable adventures on Mallorca\u2019s stunning waters. From relaxing boat tours and thrilling speedboat rides to private charters, they provide tailored experiences for every occasion. With departures from Can Pastilla, Palma City, Arenal, and Andratx, guests can explore hidden coves, snorkel in crystal-clear waters, and visit iconic spots like Dragonera Island.","publisher":{"@id":"https:\/\/sacalmaboats.com\/es#organization"},"alternateName":"Calma Boats","potentialAction":[{"@type":"SearchAction","target":{"@type":"EntryPoint","urlTemplate":"https:\/\/sacalmaboats.com\/es?s={search_term_string}"},"query-input":{"@type":"PropertyValueSpecification","valueRequired":true,"valueName":"search_term_string"}}],"inLanguage":"es"},{"@type":"Organization","@id":"https:\/\/sacalmaboats.com\/es#organization","name":"Sa Calma Boats","alternateName":"Sa Calma Boats SL","url":"https:\/\/sacalmaboats.com\/es","logo":{"@type":"ImageObject","inLanguage":"es","@id":"https:\/\/sacalmaboats.com\/es#\/schema\/logo\/image\/","url":"https:\/\/sacalmaboats.com\/wp-content\/uploads\/2025\/02\/3.png","contentUrl":"https:\/\/sacalmaboats.com\/wp-content\/uploads\/2025\/02\/3.png","width":512,"height":512,"caption":"Sa Calma Boats"},"image":{"@id":"https:\/\/sacalmaboats.com\/es#\/schema\/logo\/image\/"},"sameAs":["https:\/\/www.facebook.com\/sacalmaboats\/","https:\/\/instagram.com\/sacalmaboats","https:\/\/www.tripadvisor.com\/Attraction_Review-g187463-d25232317-Reviews-Sa_Calma_Boats-Palma_de_Mallorca_Majorca_Balearic_Islands.html"]},{"@type":"Person","@id":"https:\/\/sacalmaboats.com\/es#\/schema\/person\/6468abb6d986d70bdc61e232d9b151e7","name":"Bego","sameAs":["https:\/\/sacalmaboats.live-website.com"]}]}},"_links":{"self":[{"href":"https:\/\/sacalmaboats.com\/es\/wp-json\/wp\/v2\/posts\/5016","targetHints":{"allow":["GET"]}}],"collection":[{"href":"https:\/\/sacalmaboats.com\/es\/wp-json\/wp\/v2\/posts"}],"about":[{"href":"https:\/\/sacalmaboats.com\/es\/wp-json\/wp\/v2\/types\/post"}],"author":[{"embeddable":true,"href":"https:\/\/sacalmaboats.com\/es\/wp-json\/wp\/v2\/users\/1"}],"replies":[{"embeddable":true,"href":"https:\/\/sacalmaboats.com\/es\/wp-json\/wp\/v2\/comments?post=5016"}],"version-history":[{"count":2,"href":"https:\/\/sacalmaboats.com\/es\/wp-json\/wp\/v2\/posts\/5016\/revisions"}],"predecessor-version":[{"id":5018,"href":"https:\/\/sacalmaboats.com\/es\/wp-json\/wp\/v2\/posts\/5016\/revisions\/5018"}],"wp:featuredmedia":[{"embeddable":true,"href":"https:\/\/sacalmaboats.com\/es\/wp-json\/wp\/v2\/media\/4931"}],"wp:attachment":[{"href":"https:\/\/sacalmaboats.com\/es\/wp-json\/wp\/v2\/media?parent=5016"}],"wp:term":[{"taxonomy":"category","embeddable":true,"href":"https:\/\/sacalmaboats.com\/es\/wp-json\/wp\/v2\/categories?post=5016"},{"taxonomy":"post_tag","embeddable":true,"href":"https:\/\/sacalmaboats.com\/es\/wp-json\/wp\/v2\/tags?post=5016"}],"curies":[{"name":"wp","href":"https:\/\/api.w.org\/{rel}","templated":true}]}}