{"id":5245,"date":"2025-08-05T13:05:37","date_gmt":"2025-08-05T13:05:37","guid":{"rendered":"https:\/\/sacalmaboats.com\/eclipse-solar-en-mallorca-en-agosto-de-2026-desde-un-barco"},"modified":"2026-04-13T07:47:21","modified_gmt":"2026-04-13T07:47:21","slug":"eclipse-solar-en-mallorca-en-agosto-de-2026-desde-un-barco","status":"publish","type":"post","link":"https:\/\/sacalmaboats.com\/es\/eclipse-solar-en-mallorca-en-agosto-de-2026-desde-un-barco","title":{"rendered":"Eclipse solar de agosto de 2026 en Mallorca desde un barco"},"content":{"rendered":"[vc_row type=\u00bbin_container\u00bb full_screen_row_position=\u00bbmiddle\u00bb column_margin=\u00bbdefault\u00bb column_direction=\u00bbdefault\u00bb column_direction_tablet=\u00bbdefault\u00bb column_direction_phone=\u00bbdefault\u00bb scene_position=\u00bbcenter\u00bb text_color=\u00bbdark\u00bb text_align=\u00bbleft\u00bb row_border_radius=\u00bbnone\u00bb row_border_radius_applies=\u00bbbg\u00bb row_position_desktop=\u00bbdefault\u00bb row_position_tablet=\u00bbinherit\u00bb row_position_phone=\u00bbinherit\u00bb overflow=\u00bbvisible\u00bb overlay_strength=\u00bb0.3&#8243; gradient_direction=\u00bbleft_to_right\u00bb shape_divider_position=\u00bbbottom\u00bb bg_image_animation=\u00bbnone\u00bb][vc_column column_padding=\u00bbno-extra-padding\u00bb column_padding_tablet=\u00bbinherit\u00bb column_padding_phone=\u00bbinherit\u00bb column_padding_position=\u00bball\u00bb flex_gap_desktop=\u00bb10px\u00bb column_element_direction_desktop=\u00bbdefault\u00bb column_element_spacing=\u00bbdefault\u00bb desktop_text_alignment=\u00bbdefault\u00bb tablet_text_alignment=\u00bbdefault\u00bb phone_text_alignment=\u00bbdefault\u00bb background_color_opacity=\u00bb1&#8243; background_hover_color_opacity=\u00bb1&#8243; column_backdrop_filter=\u00bbnone\u00bb column_shadow=\u00bbnone\u00bb column_border_radius=\u00bbnone\u00bb column_link_target=\u00bb_self\u00bb column_position=\u00bbdefault\u00bb gradient_direction=\u00bbleft_to_right\u00bb overlay_strength=\u00bb0.3&#8243; width=\u00bb1\/1&#8243; tablet_width_inherit=\u00bbdefault\u00bb animation_type=\u00bbdefault\u00bb bg_image_animation=\u00bbnone\u00bb border_type=\u00bbsimple\u00bb column_border_width=\u00bbnone\u00bb column_border_style=\u00bbsolid\u00bb][vc_column_text]\n<h2>\ud83c\udf12 Eclipse solar de agosto de 2026 en Mallorca desde un barco: una forma m\u00e1gica de vivirlo<\/h2>\n<p>Los cielos de <a href=\"http:\/\/mallorca.com\">Mallorca<\/a> siempre son m\u00e1gicos, pero el 20 de agosto de 2026 ofrecer\u00e1n algo realmente extraordinario: un <strong>eclipse solar visible desde la isla<\/strong>. Y aunque ver un eclipse desde tierra firme es fascinante,<strong> vivirlo desde un barco en el mar <\/strong>lo lleva a un nivel completamente nuevo. Lejos de las multitudes y los edificios costeros, rodeado de aguas abiertas y horizontes sin obst\u00e1culos, ser\u00e1s testigo de este raro evento c\u00f3smico con total paz y claridad.  <\/p>\n<p>En <a href=\"http:\/\/sacalmaboats.com\"><strong>Sa Calma Boats<\/strong><\/a>, te invitamos a disfrutar de este momento inolvidable de la forma m\u00e1s serena y hermosa posible: <strong>en el mar, bajo el cielo cambiante.<\/strong><\/p>\n<div id=\"attachment_4377\" style=\"width: 1210px\" class=\"wp-caption aligncenter\"><img loading=\"lazy\" decoding=\"async\" aria-describedby=\"caption-attachment-4377\" class=\"wp-image-4374 size-full\" src=\"https:\/\/sacalmaboats.com\/wp-content\/uploads\/2025\/08\/elias-chasiotis-solar-eclipse-2.webp\" alt=\"Eclipse solar de agosto de 2025 en Mallorca desde un barco\" width=\"1200\" height=\"575\" srcset=\"https:\/\/sacalmaboats.com\/wp-content\/uploads\/2025\/08\/elias-chasiotis-solar-eclipse-2.webp 1200w, https:\/\/sacalmaboats.com\/wp-content\/uploads\/2025\/08\/elias-chasiotis-solar-eclipse-2-300x144.webp 300w, https:\/\/sacalmaboats.com\/wp-content\/uploads\/2025\/08\/elias-chasiotis-solar-eclipse-2-1024x491.webp 1024w, https:\/\/sacalmaboats.com\/wp-content\/uploads\/2025\/08\/elias-chasiotis-solar-eclipse-2-768x368.webp 768w\" sizes=\"auto, (max-width: 1200px) 100vw, 1200px\" \/><p id=\"caption-attachment-4377\" class=\"wp-caption-text\">Eclipse solar de agosto de 2026 en Mallorca desde un barco<\/p><\/div>\n<h2>\u2600\ufe0f Qu\u00e9 esperar del eclipse solar en Mallorca, agosto de 2026<\/h2>\n<p>El<strong> mi\u00e9rcoles 12 de agosto de 2026<\/strong>, Mallorca ser\u00e1 testigo de un <strong>eclipse solar parcial.<\/strong> Durante este fen\u00f3meno, la <strong>luna pasar\u00e1 entre la Tierra y el sol,<\/strong> cubriendo parte de la superficie solar y alterando la luz y la temperatura durante unos minutos m\u00e1gicos. <\/p>\n<h3>\ud83d\udd0e Datos clave sobre el eclipse:<\/h3>\n<ul>\n<li><strong>Fecha<\/strong>: 12 de agosto de 2026<\/li>\n<li><strong>Horario<\/strong>: aproximadamente de las 19:38 a las 20:32.<\/li>\n<li><strong>Hora punt<\/strong>a: alrededor de las 20:31.<\/li>\n<li><strong>Cobertura solar en Mallorca<\/strong>: alrededor del 70 % del disco solar.<\/li>\n<\/ul>\n<p>Este eclipse parcial atenuar\u00e1 notablemente la luz, crear\u00e1 un ambiente m\u00e1s fresco y ofrecer\u00e1 una experiencia \u00fanica en una d\u00e9cada que no olvidar\u00e1s.<\/p>\n<h2>\ud83d\udea4 \u00bfPor qu\u00e9 ver el eclipse solar desde un barco?<\/h2>\n<p>Ver el eclipse desde tierra firme es impresionante, pero hacerlo desde un barco, con vistas de 360\u00ba <strong>al cielo abierto<\/strong>, aguas tranquilas y sin distracciones, lo convierte en una experiencia realmente inmersiva.<\/p>\n<h3>Ventajas de ver el eclipse desde el mar:<\/h3>\n<ul>\n<li><strong>Vistas sin obst\u00e1culos<\/strong>: sin edificios, sin \u00e1rboles, solo mar abierto y cielo.<\/li>\n<li><strong>M\u00ednima contaminaci\u00f3n lum\u00ednica y ac\u00fastica<\/strong><\/li>\n<li><strong>Un entorno tranquilo e \u00edntimo.<\/strong><\/li>\n<li><strong>Oportunidades fotogr\u00e1ficas incre\u00edbles<\/strong>: el reflejo del sol en el agua durante un eclipse es impresionante.<\/li>\n<li><strong>Una conexi\u00f3n natural<\/strong>: vive el eclipse con todos tus sentidos, rodeado de naturaleza.<\/li>\n<\/ul>\n<h2>\ud83c\udf0a Las mejores rutas en barco por Mallorca para ver el eclipse<\/h2>\n<p>En <strong>Sa Calma Boats<\/strong> hemos seleccionado tres rutas que ofrecen las mejores condiciones para disfrutar del eclipse en mar abierto: <\/p>\n<h3>1. De la bah\u00eda de Palma a la costa sur<\/h3>\n<p>Perfecto para los hu\u00e9spedes que se alojan en Palma o sus alrededores. Esta ruta te permite alejarte r\u00e1pidamente de la ciudad y encontrar un espacio tranquilo y abierto con excelente visibilidad hacia el sur y el este, ideal para ver el eclipse en su totalidad. <\/p>\n<p><strong>Ideal para<\/strong>: parejas, grupos peque\u00f1os, fot\u00f3grafos<\/p>\n<h3>2. De Port d\u2019Andratx a Sa Dragonera<\/h3>\n<p>Navegar desde Port d&#8217;Andratx hacia el espacio natural protegido de <strong>Sa Dragonera<\/strong> es una de las experiencias m\u00e1s tranquilas y v\u00edrgenes de la isla. Con un tr\u00e1fico mar\u00edtimo m\u00ednimo y un cielo abierto, es el lugar perfecto para admirar el eclipse en total silencio. <\/p>\n<p><strong>Ideal para<\/strong>: amantes de la naturaleza, familias, observadores tranquilos<\/p>\n<h3>3. Costa norte: Alc\u00fadia y Pollen\u00e7a<\/h3>\n<p>Si te alojas en el norte, la costa entre Alc\u00fadia y Cap de Formentor ofrece unas vistas impresionantes y muy poca actividad n\u00e1utica. Con un horizonte amplio, es un lugar fant\u00e1stico para ver el eclipse de principio a fin. <\/p>\n<p><strong>Ideal para<\/strong>: exploradores, observadores experimentados de eclipses, aventureros.<\/p>\n<h2>\ud83e\udded Consejos para disfrutar del eclipse de forma segura y c\u00f3moda<\/h2>\n<p>Contemplar un eclipse solar desde un barco es una experiencia extraordinaria, pero es importante estar preparado.<\/p>\n<h3>\u2705 Qu\u00e9 llevar a bordo:<\/h3>\n<ul>\n<li><strong>Gafas certificadas para eclipses solares<\/strong>: nunca mires al sol sin protecci\u00f3n.<\/li>\n<li><strong>Ropa por capas<\/strong>: el mar puede refrescar, incluso en agosto.<\/li>\n<li><strong>Protector solar y sombrero<\/strong>: el sol seguir\u00e1 siendo intenso antes y despu\u00e9s del eclipse.<\/li>\n<li><strong>Agua y aperitivos ligeros<\/strong>: mantente hidratado y c\u00f3modo durante el viaje.<\/li>\n<li><strong>C\u00e1mara con filtro solar<\/strong>: si te gusta la fotograf\u00eda, es imprescindible.<\/li>\n<li><strong>Aplicaci\u00f3n para observar las estrellas o eclipses<\/strong>: como Sky Guide o Stellarium, para seguir el eclipse en directo.<\/li>\n<\/ul>\n<h2>\ud83d\udcf8 Astrofotograf\u00eda en el mar: c\u00f3mo capturar el momento<\/h2>\n<p>Un eclipse solar es una oportunidad \u00fanica para tomar fotograf\u00edas impresionantes, y el entorno marino lo hace a\u00fan m\u00e1s m\u00e1gico:<\/p>\n<ul>\n<li><strong>Utiliza un tr\u00edpode o una superficie estable<\/strong>: los barcos se mueven, por lo que la estabilizaci\u00f3n es fundamental.<\/li>\n<li><strong>Filtros solares ND<\/strong>: esenciales para proteger el sensor de tu c\u00e1mara.<\/li>\n<li><strong>Juega con los reflejos<\/strong>: el eclipse sobre el mar crea composiciones \u00fanicas.<\/li>\n<li><strong>No olvides mirar hacia arriba<\/strong>: algunos momentos se disfrutan m\u00e1s que se fotograf\u00edan.<\/li>\n<\/ul>\n<div id=\"attachment_4373\" style=\"width: 1210px\" class=\"wp-caption aligncenter\"><img loading=\"lazy\" decoding=\"async\" aria-describedby=\"caption-attachment-4373\" class=\"wp-image-4370 size-full\" src=\"https:\/\/sacalmaboats.com\/wp-content\/uploads\/2025\/08\/eclipse-agua_x2x.jpg_423682103.webp\" alt=\"Eclipse solar de agosto de 2025 en Mallorca desde un barco\" width=\"1200\" height=\"1200\" srcset=\"https:\/\/sacalmaboats.com\/wp-content\/uploads\/2025\/08\/eclipse-agua_x2x.jpg_423682103.webp 1200w, https:\/\/sacalmaboats.com\/wp-content\/uploads\/2025\/08\/eclipse-agua_x2x.jpg_423682103-300x300.webp 300w, https:\/\/sacalmaboats.com\/wp-content\/uploads\/2025\/08\/eclipse-agua_x2x.jpg_423682103-1024x1024.webp 1024w, https:\/\/sacalmaboats.com\/wp-content\/uploads\/2025\/08\/eclipse-agua_x2x.jpg_423682103-150x150.webp 150w, https:\/\/sacalmaboats.com\/wp-content\/uploads\/2025\/08\/eclipse-agua_x2x.jpg_423682103-768x768.webp 768w, https:\/\/sacalmaboats.com\/wp-content\/uploads\/2025\/08\/eclipse-agua_x2x.jpg_423682103-140x140.webp 140w, https:\/\/sacalmaboats.com\/wp-content\/uploads\/2025\/08\/eclipse-agua_x2x.jpg_423682103-100x100.webp 100w, https:\/\/sacalmaboats.com\/wp-content\/uploads\/2025\/08\/eclipse-agua_x2x.jpg_423682103-500x500.webp 500w, https:\/\/sacalmaboats.com\/wp-content\/uploads\/2025\/08\/eclipse-agua_x2x.jpg_423682103-350x350.webp 350w, https:\/\/sacalmaboats.com\/wp-content\/uploads\/2025\/08\/eclipse-agua_x2x.jpg_423682103-1000x1000.webp 1000w, https:\/\/sacalmaboats.com\/wp-content\/uploads\/2025\/08\/eclipse-agua_x2x.jpg_423682103-800x800.webp 800w\" sizes=\"auto, (max-width: 1200px) 100vw, 1200px\" \/><p id=\"caption-attachment-4373\" class=\"wp-caption-text\">Eclipse solar de agosto de 2026 en Mallorca desde un barco<\/p><\/div>\n<h2>\ud83d\udea4 \u00bfPor qu\u00e9 elegir Sa Calma Boats para este evento celestial?<\/h2>\n<p>En <strong>Sa Calma Boats<\/strong>, creamos <strong>experiencias de navegaci\u00f3n tranquilas y personalizadas<\/strong> en Mallorca, y un eclipse solar es precisamente el tipo de fen\u00f3meno natural excepcional que nos encanta destacar.<\/p>\n<p>Con nosotros, disfrutar\u00e1s de:<\/p>\n<ul>\n<li><strong>Capitanes experimentados<\/strong> que saben d\u00f3nde y cu\u00e1ndo posicionar el barco.<\/li>\n<li><strong>Rutas flexibles y personalizables<\/strong> para tu momento ideal<\/li>\n<li><strong>Comodidad, seguridad y belleza<\/strong> en cada viaje.<\/li>\n<li><strong>Una profunda conexi\u00f3n con la naturaleza:<\/strong> sin prisas, sin estr\u00e9s, solo el cielo y el mar.<\/li>\n<\/ul>\n<h2>\ud83c\udf12 El cielo tiene una cita contigo este agosto<\/h2>\n<p>El <strong>12 de agosto de 2026<\/strong>, Mallorca alzar\u00e1 la vista hacia el cielo. Y t\u00fa puedes ser uno de los pocos afortunados que lo presenciar\u00e1n desde el lugar perfecto: e<strong>n un barco, rodeado por el Mediterr\u00e1neo.<\/strong> <\/p>\n<p>Reserva tu experiencia n\u00e1utica durante el eclipse con<strong> Sa Calma Boats <\/strong>y prep\u00e1rate para una ma\u00f1ana \u00fanica en la vida, en la que el mar, el cielo y las estrellas se alinear\u00e1n solo para ti.[\/vc_column_text][\/vc_column][\/vc_row][vc_section type=\u00bbfull_width_content\u00bb text_color=\u00bbdark\u00bb top_padding=\u00bb5%\u00bb left_padding_desktop=\u00bb10px\u00bb constrain_group_2=\u00bbyes\u00bb right_padding_desktop=\u00bb10px\u00bb top_padding_tablet=\u00bb10%\u00bb row_border_radius=\u00bbnone\u00bb row_border_radius_applies=\u00bbbg\u00bb content_layout=\u00bbdefault\u00bb advanced_gradient_display_type=\u00bblinear\u00bb][vc_row type=\u00bbfull_width_background\u00bb full_screen_row_position=\u00bbmiddle\u00bb column_margin=\u00bb10px\u00bb equal_height=\u00bbyes\u00bb column_direction=\u00bbdefault\u00bb column_direction_tablet=\u00bbdefault\u00bb column_direction_phone=\u00bbdefault\u00bb bg_image=\u00bb4961&#8243; bg_image_type=\u00bbdefault\u00bb bg_position=\u00bbcenter center\u00bb background_image_loading=\u00bbdefault\u00bb bg_repeat=\u00bbno-repeat\u00bb scene_position=\u00bbcenter\u00bb top_padding=\u00bb10%\u00bb constrain_group_1=\u00bbyes\u00bb bottom_padding=\u00bb10%\u00bb text_color=\u00bblight\u00bb text_align=\u00bbleft\u00bb row_border_radius=\u00bb15px\u00bb row_border_radius_applies=\u00bbbg\u00bb row_position_desktop=\u00bbdefault\u00bb row_position_tablet=\u00bbinherit\u00bb row_position_phone=\u00bbinherit\u00bb overflow=\u00bbvisible\u00bb color_overlay=\u00bb#16151499&#8243; overlay_strength=\u00bb0.3&#8243; gradient_direction=\u00bbleft_to_right\u00bb shape_divider_position=\u00bbbottom\u00bb bg_image_animation=\u00bbnone\u00bb parallax_bg=\u00bbtrue\u00bb parallax_bg_speed=\u00bbfast\u00bb gradient_type=\u00bbdefault\u00bb shape_type=\u00bb\u00bb][vc_column top_padding_desktop=\u00bb40px\u00bb constrain_group_100=\u00bbyes\u00bb bottom_padding_desktop=\u00bb40px\u00bb left_padding_desktop=\u00bb40px\u00bb constrain_group_101=\u00bbyes\u00bb right_padding_desktop=\u00bb40px\u00bb left_padding_phone=\u00bb25px\u00bb constrain_group_105=\u00bbyes\u00bb right_padding_phone=\u00bb25px\u00bb flex_gap_desktop=\u00bb30px\u00bb desktop_text_alignment=\u00bbdefault\u00bb tablet_text_alignment=\u00bbdefault\u00bb phone_text_alignment=\u00bbdefault\u00bb background_color_opacity=\u00bb1&#8243; background_hover_color_opacity=\u00bb1&#8243; column_backdrop_filter=\u00bbnone\u00bb column_shadow=\u00bbnone\u00bb column_border_radius=\u00bb15px\u00bb column_link_target=\u00bb_self\u00bb column_position=\u00bbdefault\u00bb gradient_direction=\u00bbleft_to_right\u00bb overlay_strength=\u00bb0.3&#8243; width=\u00bb1\/1&#8243; tablet_width_inherit=\u00bbdefault\u00bb animation_type=\u00bbdefault\u00bb bg_image_animation=\u00bbnone\u00bb parallax_bg=\u00bbtrue\u00bb parallax_bg_speed=\u00bbminimum\u00bb border_type=\u00bbsimple\u00bb column_border_width=\u00bbnone\u00bb column_border_style=\u00bbsolid\u00bb column_padding_type=\u00bbadvanced\u00bb content_layout=\u00bbflexbox\u00bb gradient_type=\u00bbdefault\u00bb flex_layout_desktop=\u00bbcolumn\u00bb flex_justify_content_desktop=\u00bbspace-between\u00bb flex_align_items_desktop=\u00bbstretch\u00bb flex_align_items_phone=\u00bb\u00bb flex_wrap_desktop=\u00bbnowrap\u00bb flex_reverse_desktop=\u00bbfalse\u00bb][vc_row_inner column_margin=\u00bbdefault\u00bb column_direction=\u00bbdefault\u00bb column_direction_tablet=\u00bbdefault\u00bb column_direction_phone=\u00bbdefault\u00bb text_align=\u00bbleft\u00bb row_position=\u00bbdefault\u00bb row_position_tablet=\u00bbinherit\u00bb row_position_phone=\u00bbinherit\u00bb left_position_desktop=\u00bb10%\u00bb right_position_desktop=\u00bb10%\u00bb overflow=\u00bbvisible\u00bb pointer_events=\u00bball\u00bb][vc_column_inner column_padding=\u00bbno-extra-padding\u00bb column_padding_tablet=\u00bbinherit\u00bb column_padding_phone=\u00bbinherit\u00bb column_padding_position=\u00bball\u00bb flex_gap_desktop=\u00bb20px\u00bb desktop_text_alignment=\u00bbdefault\u00bb tablet_text_alignment=\u00bbdefault\u00bb phone_text_alignment=\u00bbdefault\u00bb background_color_opacity=\u00bb1&#8243; background_hover_color_opacity=\u00bb1&#8243; column_backdrop_filter=\u00bbnone\u00bb column_shadow=\u00bbnone\u00bb column_border_radius=\u00bbnone\u00bb column_link_target=\u00bb_self\u00bb overflow=\u00bbvisible\u00bb gradient_direction=\u00bbleft_to_right\u00bb overlay_strength=\u00bb0.3&#8243; width=\u00bb1\/1&#8243; tablet_width_inherit=\u00bbdefault\u00bb animation_type=\u00bbdefault\u00bb bg_image_animation=\u00bbnone\u00bb border_type=\u00bbsimple\u00bb column_border_width=\u00bbnone\u00bb column_border_style=\u00bbsolid\u00bb column_padding_type=\u00bbdefault\u00bb content_layout=\u00bbflexbox\u00bb flex_layout_desktop=\u00bbcolumn\u00bb flex_justify_content_desktop=\u00bbflex-start\u00bb flex_align_items_desktop=\u00bbcenter\u00bb flex_align_items_phone=\u00bb\u00bb flex_wrap_desktop=\u00bbnowrap\u00bb flex_reverse_desktop=\u00bbfalse\u00bb gradient_type=\u00bbdefault\u00bb][nectar_responsive_text inherited_font_style=\u00bbh1&#8243; text_direction=\u00bbdefault\u00bb font_line_height=\u00bb1.2&#8243; max_width=\u00bb700px\u00bb]\n<h2 style=\"text-align: center;\">Descubre todas nuestras actividades<\/h2>\n[\/nectar_responsive_text][\/vc_column_inner][\/vc_row_inner][vc_row_inner column_margin=\u00bbnone\u00bb column_direction=\u00bbdefault\u00bb column_direction_tablet=\u00bbdefault\u00bb column_direction_phone=\u00bbdefault\u00bb text_align=\u00bbleft\u00bb row_position=\u00bbdefault\u00bb row_position_tablet=\u00bbinherit\u00bb row_position_phone=\u00bbinherit\u00bb overflow=\u00bbvisible\u00bb pointer_events=\u00bball\u00bb][vc_column_inner column_padding=\u00bbno-extra-padding\u00bb column_padding_tablet=\u00bbinherit\u00bb column_padding_phone=\u00bbinherit\u00bb column_padding_position=\u00bball\u00bb flex_gap_desktop=\u00bb20px\u00bb desktop_text_alignment=\u00bbdefault\u00bb tablet_text_alignment=\u00bbdefault\u00bb phone_text_alignment=\u00bbdefault\u00bb background_color_opacity=\u00bb1&#8243; background_hover_color_opacity=\u00bb1&#8243; column_backdrop_filter=\u00bbnone\u00bb column_shadow=\u00bbnone\u00bb column_border_radius=\u00bbnone\u00bb column_link_target=\u00bb_self\u00bb overflow=\u00bbvisible\u00bb gradient_direction=\u00bbleft_to_right\u00bb overlay_strength=\u00bb0.3&#8243; width=\u00bb1\/1&#8243; tablet_width_inherit=\u00bbdefault\u00bb animation_type=\u00bbdefault\u00bb bg_image_animation=\u00bbnone\u00bb border_type=\u00bbsimple\u00bb column_border_width=\u00bbnone\u00bb column_border_style=\u00bbsolid\u00bb column_padding_type=\u00bbdefault\u00bb content_layout=\u00bbflexbox\u00bb flex_layout_desktop=\u00bbcolumn\u00bb flex_justify_content_desktop=\u00bbflex-start\u00bb flex_align_items_desktop=\u00bbcenter\u00bb flex_align_items_phone=\u00bb\u00bb flex_wrap_desktop=\u00bbnowrap\u00bb flex_reverse_desktop=\u00bbfalse\u00bb gradient_type=\u00bbdefault\u00bb][nectar_cta btn_style=\u00bbtext-reveal\u00bb heading_tag=\u00bbspan\u00bb link_type=\u00bbregular\u00bb button_color=\u00bbextra-color-1&#8243; text_color=\u00bb#000000&#8243; button_border_thickness=\u00bb0px\u00bb alignment=\u00bbleft\u00bb alignment_tablet=\u00bbdefault\u00bb alignment_phone=\u00bbdefault\u00bb constrain_group_3=\u00bbyes\u00bb constrain_group_4=\u00bbyes\u00bb display=\u00bbblock\u00bb display_tablet=\u00bbinherit\u00bb display_phone=\u00bbinherit\u00bb icon_family=\u00bbnone\u00bb link_text=\u00bbVer todos\u00bb padding_top=\u00bb0.75em\u00bb padding_bottom=\u00bb0.75em\u00bb padding_left=\u00bb1.5em\u00bb padding_right=\u00bb1.5em\u00bb url=\u00bbsacalmaboats.com\/es\u00bb][\/vc_column_inner][\/vc_row_inner][\/vc_column][\/vc_row][\/vc_section]\n","protected":false},"excerpt":{"rendered":"<p>[vc_row type=\u00bbin_container\u00bb full_screen_row_position=\u00bbmiddle\u00bb column_margin=\u00bbdefault\u00bb column_direction=\u00bbdefault\u00bb column_direction_tablet=\u00bbdefault\u00bb column_direction_phone=\u00bbdefault\u00bb scene_position=\u00bbcenter\u00bb text_color=\u00bbdark\u00bb text_align=\u00bbleft\u00bb row_border_radius=\u00bbnone\u00bb row_border_radius_applies=\u00bbbg\u00bb row_position_desktop=\u00bbdefault\u00bb row_position_tablet=\u00bbinherit\u00bb row_position_phone=\u00bbinherit\u00bb overflow=\u00bbvisible\u00bb overlay_strength=\u00bb0.3&#8243; gradient_direction=\u00bbleft_to_right\u00bb shape_divider_position=\u00bbbottom\u00bb bg_image_animation=\u00bbnone\u00bb][vc_column column_padding=\u00bbno-extra-padding\u00bb column_padding_tablet=\u00bbinherit\u00bb column_padding_phone=\u00bbinherit\u00bb column_padding_position=\u00bball\u00bb flex_gap_desktop=\u00bb10px\u00bb column_element_direction_desktop=\u00bbdefault\u00bb column_element_spacing=\u00bbdefault\u00bb desktop_text_alignment=\u00bbdefault\u00bb tablet_text_alignment=\u00bbdefault\u00bb phone_text_alignment=\u00bbdefault\u00bb&#8230;<\/p>\n","protected":false},"author":1,"featured_media":4373,"comment_status":"closed","ping_status":"closed","sticky":false,"template":"","format":"standard","meta":{"footnotes":""},"categories":[36],"tags":[],"class_list":{"0":"post-5245","1":"post","2":"type-post","3":"status-publish","4":"format-standard","5":"has-post-thumbnail","7":"category-excursiones-en-barco"},"yoast_head":"<!-- This site is optimized with the Yoast SEO plugin v27.2 - https:\/\/yoast.com\/product\/yoast-seo-wordpress\/ -->\n<title>Eclipse solar de agosto de 2026 en Mallorca desde un barco - Sa Calma Boats<\/title>\n<meta name=\"description\" content=\"Eclipse solar de agosto de 2026 en Mallorca en un barco como nunca antes: descubre c\u00f3mo disfrutar de este raro evento celestial en el mar.\" \/>\n<meta name=\"robots\" content=\"index, follow, max-snippet:-1, max-image-preview:large, max-video-preview:-1\" \/>\n<link rel=\"canonical\" href=\"https:\/\/sacalmaboats.com\/es\/eclipse-solar-en-mallorca-en-agosto-de-2026-desde-un-barco\" \/>\n<meta property=\"og:locale\" content=\"es_ES\" \/>\n<meta property=\"og:type\" content=\"article\" \/>\n<meta property=\"og:title\" content=\"Eclipse solar de agosto de 2026 en Mallorca desde un barco - Sa Calma Boats\" \/>\n<meta property=\"og:description\" content=\"Eclipse solar de agosto de 2026 en Mallorca en un barco como nunca antes: descubre c\u00f3mo disfrutar de este raro evento celestial en el mar.\" \/>\n<meta property=\"og:url\" content=\"https:\/\/sacalmaboats.com\/es\/eclipse-solar-en-mallorca-en-agosto-de-2026-desde-un-barco\" \/>\n<meta property=\"og:site_name\" content=\"Sa Calma Boats\" \/>\n<meta property=\"article:publisher\" content=\"https:\/\/www.facebook.com\/sacalmaboats\/\" \/>\n<meta property=\"article:published_time\" content=\"2025-08-05T13:05:37+00:00\" \/>\n<meta property=\"article:modified_time\" content=\"2026-04-13T07:47:21+00:00\" \/>\n<meta property=\"og:image\" content=\"https:\/\/sacalmaboats.com\/wp-content\/uploads\/2025\/08\/eclipse-agua_x2x.jpg_423682103.webp\" \/>\n\t<meta property=\"og:image:width\" content=\"1200\" \/>\n\t<meta property=\"og:image:height\" content=\"1200\" \/>\n\t<meta property=\"og:image:type\" content=\"image\/webp\" \/>\n<meta name=\"author\" content=\"Bego\" \/>\n<meta name=\"twitter:card\" content=\"summary_large_image\" \/>\n<meta name=\"twitter:label1\" content=\"Escrito por\" \/>\n\t<meta name=\"twitter:data1\" content=\"Bego\" \/>\n\t<meta name=\"twitter:label2\" content=\"Tiempo de lectura\" \/>\n\t<meta name=\"twitter:data2\" content=\"9 minutos\" \/>\n<script type=\"application\/ld+json\" class=\"yoast-schema-graph\">{\"@context\":\"https:\/\/schema.org\",\"@graph\":[{\"@type\":\"Article\",\"@id\":\"https:\/\/sacalmaboats.com\/es\/eclipse-solar-en-mallorca-en-agosto-de-2026-desde-un-barco#article\",\"isPartOf\":{\"@id\":\"https:\/\/sacalmaboats.com\/es\/eclipse-solar-en-mallorca-en-agosto-de-2026-desde-un-barco\"},\"author\":{\"name\":\"Bego\",\"@id\":\"https:\/\/sacalmaboats.com\/es#\/schema\/person\/6468abb6d986d70bdc61e232d9b151e7\"},\"headline\":\"Eclipse solar de agosto de 2026 en Mallorca desde un barco\",\"datePublished\":\"2025-08-05T13:05:37+00:00\",\"dateModified\":\"2026-04-13T07:47:21+00:00\",\"mainEntityOfPage\":{\"@id\":\"https:\/\/sacalmaboats.com\/es\/eclipse-solar-en-mallorca-en-agosto-de-2026-desde-un-barco\"},\"wordCount\":1895,\"publisher\":{\"@id\":\"https:\/\/sacalmaboats.com\/es#organization\"},\"image\":{\"@id\":\"https:\/\/sacalmaboats.com\/es\/eclipse-solar-en-mallorca-en-agosto-de-2026-desde-un-barco#primaryimage\"},\"thumbnailUrl\":\"https:\/\/sacalmaboats.com\/wp-content\/uploads\/2025\/08\/eclipse-agua_x2x.jpg_423682103.webp\",\"articleSection\":[\"Excursiones en barco\"],\"inLanguage\":\"es\"},{\"@type\":\"WebPage\",\"@id\":\"https:\/\/sacalmaboats.com\/es\/eclipse-solar-en-mallorca-en-agosto-de-2026-desde-un-barco\",\"url\":\"https:\/\/sacalmaboats.com\/es\/eclipse-solar-en-mallorca-en-agosto-de-2026-desde-un-barco\",\"name\":\"Eclipse solar de agosto de 2026 en Mallorca desde un barco - Sa Calma Boats\",\"isPartOf\":{\"@id\":\"https:\/\/sacalmaboats.com\/es#website\"},\"primaryImageOfPage\":{\"@id\":\"https:\/\/sacalmaboats.com\/es\/eclipse-solar-en-mallorca-en-agosto-de-2026-desde-un-barco#primaryimage\"},\"image\":{\"@id\":\"https:\/\/sacalmaboats.com\/es\/eclipse-solar-en-mallorca-en-agosto-de-2026-desde-un-barco#primaryimage\"},\"thumbnailUrl\":\"https:\/\/sacalmaboats.com\/wp-content\/uploads\/2025\/08\/eclipse-agua_x2x.jpg_423682103.webp\",\"datePublished\":\"2025-08-05T13:05:37+00:00\",\"dateModified\":\"2026-04-13T07:47:21+00:00\",\"description\":\"Eclipse solar de agosto de 2026 en Mallorca en un barco como nunca antes: descubre c\u00f3mo disfrutar de este raro evento celestial en el mar.\",\"breadcrumb\":{\"@id\":\"https:\/\/sacalmaboats.com\/es\/eclipse-solar-en-mallorca-en-agosto-de-2026-desde-un-barco#breadcrumb\"},\"inLanguage\":\"es\",\"potentialAction\":[{\"@type\":\"ReadAction\",\"target\":[\"https:\/\/sacalmaboats.com\/es\/eclipse-solar-en-mallorca-en-agosto-de-2026-desde-un-barco\"]}]},{\"@type\":\"ImageObject\",\"inLanguage\":\"es\",\"@id\":\"https:\/\/sacalmaboats.com\/es\/eclipse-solar-en-mallorca-en-agosto-de-2026-desde-un-barco#primaryimage\",\"url\":\"https:\/\/sacalmaboats.com\/wp-content\/uploads\/2025\/08\/eclipse-agua_x2x.jpg_423682103.webp\",\"contentUrl\":\"https:\/\/sacalmaboats.com\/wp-content\/uploads\/2025\/08\/eclipse-agua_x2x.jpg_423682103.webp\",\"width\":1200,\"height\":1200,\"caption\":\"Solar Eclipse August 2025 in Mallorca on a Boat\"},{\"@type\":\"BreadcrumbList\",\"@id\":\"https:\/\/sacalmaboats.com\/es\/eclipse-solar-en-mallorca-en-agosto-de-2026-desde-un-barco#breadcrumb\",\"itemListElement\":[{\"@type\":\"ListItem\",\"position\":1,\"name\":\"Portada\",\"item\":\"https:\/\/sacalmaboats.com\/es\"},{\"@type\":\"ListItem\",\"position\":2,\"name\":\"Eclipse solar de agosto de 2026 en Mallorca desde un barco\"}]},{\"@type\":\"WebSite\",\"@id\":\"https:\/\/sacalmaboats.com\/es#website\",\"url\":\"https:\/\/sacalmaboats.com\/es\",\"name\":\"Sa Calma Boats\",\"description\":\"Sa Calma Boats offers unforgettable adventures on Mallorca\u2019s stunning waters. From relaxing boat tours and thrilling speedboat rides to private charters, they provide tailored experiences for every occasion. With departures from Can Pastilla, Palma City, Arenal, and Andratx, guests can explore hidden coves, snorkel in crystal-clear waters, and visit iconic spots like Dragonera Island.\",\"publisher\":{\"@id\":\"https:\/\/sacalmaboats.com\/es#organization\"},\"alternateName\":\"Calma Boats\",\"potentialAction\":[{\"@type\":\"SearchAction\",\"target\":{\"@type\":\"EntryPoint\",\"urlTemplate\":\"https:\/\/sacalmaboats.com\/es?s={search_term_string}\"},\"query-input\":{\"@type\":\"PropertyValueSpecification\",\"valueRequired\":true,\"valueName\":\"search_term_string\"}}],\"inLanguage\":\"es\"},{\"@type\":\"Organization\",\"@id\":\"https:\/\/sacalmaboats.com\/es#organization\",\"name\":\"Sa Calma Boats\",\"alternateName\":\"Sa Calma Boats SL\",\"url\":\"https:\/\/sacalmaboats.com\/es\",\"logo\":{\"@type\":\"ImageObject\",\"inLanguage\":\"es\",\"@id\":\"https:\/\/sacalmaboats.com\/es#\/schema\/logo\/image\/\",\"url\":\"https:\/\/sacalmaboats.com\/wp-content\/uploads\/2025\/02\/3.png\",\"contentUrl\":\"https:\/\/sacalmaboats.com\/wp-content\/uploads\/2025\/02\/3.png\",\"width\":512,\"height\":512,\"caption\":\"Sa Calma Boats\"},\"image\":{\"@id\":\"https:\/\/sacalmaboats.com\/es#\/schema\/logo\/image\/\"},\"sameAs\":[\"https:\/\/www.facebook.com\/sacalmaboats\/\",\"https:\/\/instagram.com\/sacalmaboats\",\"https:\/\/www.tripadvisor.com\/Attraction_Review-g187463-d25232317-Reviews-Sa_Calma_Boats-Palma_de_Mallorca_Majorca_Balearic_Islands.html\"]},{\"@type\":\"Person\",\"@id\":\"https:\/\/sacalmaboats.com\/es#\/schema\/person\/6468abb6d986d70bdc61e232d9b151e7\",\"name\":\"Bego\",\"sameAs\":[\"https:\/\/sacalmaboats.live-website.com\"]}]}<\/script>\n<!-- \/ Yoast SEO plugin. -->","yoast_head_json":{"title":"Eclipse solar de agosto de 2026 en Mallorca desde un barco - Sa Calma Boats","description":"Eclipse solar de agosto de 2026 en Mallorca en un barco como nunca antes: descubre c\u00f3mo disfrutar de este raro evento celestial en el mar.","robots":{"index":"index","follow":"follow","max-snippet":"max-snippet:-1","max-image-preview":"max-image-preview:large","max-video-preview":"max-video-preview:-1"},"canonical":"https:\/\/sacalmaboats.com\/es\/eclipse-solar-en-mallorca-en-agosto-de-2026-desde-un-barco","og_locale":"es_ES","og_type":"article","og_title":"Eclipse solar de agosto de 2026 en Mallorca desde un barco - Sa Calma Boats","og_description":"Eclipse solar de agosto de 2026 en Mallorca en un barco como nunca antes: descubre c\u00f3mo disfrutar de este raro evento celestial en el mar.","og_url":"https:\/\/sacalmaboats.com\/es\/eclipse-solar-en-mallorca-en-agosto-de-2026-desde-un-barco","og_site_name":"Sa Calma Boats","article_publisher":"https:\/\/www.facebook.com\/sacalmaboats\/","article_published_time":"2025-08-05T13:05:37+00:00","article_modified_time":"2026-04-13T07:47:21+00:00","og_image":[{"width":1200,"height":1200,"url":"https:\/\/sacalmaboats.com\/wp-content\/uploads\/2025\/08\/eclipse-agua_x2x.jpg_423682103.webp","type":"image\/webp"}],"author":"Bego","twitter_card":"summary_large_image","twitter_misc":{"Escrito por":"Bego","Tiempo de lectura":"9 minutos"},"schema":{"@context":"https:\/\/schema.org","@graph":[{"@type":"Article","@id":"https:\/\/sacalmaboats.com\/es\/eclipse-solar-en-mallorca-en-agosto-de-2026-desde-un-barco#article","isPartOf":{"@id":"https:\/\/sacalmaboats.com\/es\/eclipse-solar-en-mallorca-en-agosto-de-2026-desde-un-barco"},"author":{"name":"Bego","@id":"https:\/\/sacalmaboats.com\/es#\/schema\/person\/6468abb6d986d70bdc61e232d9b151e7"},"headline":"Eclipse solar de agosto de 2026 en Mallorca desde un barco","datePublished":"2025-08-05T13:05:37+00:00","dateModified":"2026-04-13T07:47:21+00:00","mainEntityOfPage":{"@id":"https:\/\/sacalmaboats.com\/es\/eclipse-solar-en-mallorca-en-agosto-de-2026-desde-un-barco"},"wordCount":1895,"publisher":{"@id":"https:\/\/sacalmaboats.com\/es#organization"},"image":{"@id":"https:\/\/sacalmaboats.com\/es\/eclipse-solar-en-mallorca-en-agosto-de-2026-desde-un-barco#primaryimage"},"thumbnailUrl":"https:\/\/sacalmaboats.com\/wp-content\/uploads\/2025\/08\/eclipse-agua_x2x.jpg_423682103.webp","articleSection":["Excursiones en barco"],"inLanguage":"es"},{"@type":"WebPage","@id":"https:\/\/sacalmaboats.com\/es\/eclipse-solar-en-mallorca-en-agosto-de-2026-desde-un-barco","url":"https:\/\/sacalmaboats.com\/es\/eclipse-solar-en-mallorca-en-agosto-de-2026-desde-un-barco","name":"Eclipse solar de agosto de 2026 en Mallorca desde un barco - Sa Calma Boats","isPartOf":{"@id":"https:\/\/sacalmaboats.com\/es#website"},"primaryImageOfPage":{"@id":"https:\/\/sacalmaboats.com\/es\/eclipse-solar-en-mallorca-en-agosto-de-2026-desde-un-barco#primaryimage"},"image":{"@id":"https:\/\/sacalmaboats.com\/es\/eclipse-solar-en-mallorca-en-agosto-de-2026-desde-un-barco#primaryimage"},"thumbnailUrl":"https:\/\/sacalmaboats.com\/wp-content\/uploads\/2025\/08\/eclipse-agua_x2x.jpg_423682103.webp","datePublished":"2025-08-05T13:05:37+00:00","dateModified":"2026-04-13T07:47:21+00:00","description":"Eclipse solar de agosto de 2026 en Mallorca en un barco como nunca antes: descubre c\u00f3mo disfrutar de este raro evento celestial en el mar.","breadcrumb":{"@id":"https:\/\/sacalmaboats.com\/es\/eclipse-solar-en-mallorca-en-agosto-de-2026-desde-un-barco#breadcrumb"},"inLanguage":"es","potentialAction":[{"@type":"ReadAction","target":["https:\/\/sacalmaboats.com\/es\/eclipse-solar-en-mallorca-en-agosto-de-2026-desde-un-barco"]}]},{"@type":"ImageObject","inLanguage":"es","@id":"https:\/\/sacalmaboats.com\/es\/eclipse-solar-en-mallorca-en-agosto-de-2026-desde-un-barco#primaryimage","url":"https:\/\/sacalmaboats.com\/wp-content\/uploads\/2025\/08\/eclipse-agua_x2x.jpg_423682103.webp","contentUrl":"https:\/\/sacalmaboats.com\/wp-content\/uploads\/2025\/08\/eclipse-agua_x2x.jpg_423682103.webp","width":1200,"height":1200,"caption":"Solar Eclipse August 2025 in Mallorca on a Boat"},{"@type":"BreadcrumbList","@id":"https:\/\/sacalmaboats.com\/es\/eclipse-solar-en-mallorca-en-agosto-de-2026-desde-un-barco#breadcrumb","itemListElement":[{"@type":"ListItem","position":1,"name":"Portada","item":"https:\/\/sacalmaboats.com\/es"},{"@type":"ListItem","position":2,"name":"Eclipse solar de agosto de 2026 en Mallorca desde un barco"}]},{"@type":"WebSite","@id":"https:\/\/sacalmaboats.com\/es#website","url":"https:\/\/sacalmaboats.com\/es","name":"Sa Calma Boats","description":"Sa Calma Boats offers unforgettable adventures on Mallorca\u2019s stunning waters. From relaxing boat tours and thrilling speedboat rides to private charters, they provide tailored experiences for every occasion. With departures from Can Pastilla, Palma City, Arenal, and Andratx, guests can explore hidden coves, snorkel in crystal-clear waters, and visit iconic spots like Dragonera Island.","publisher":{"@id":"https:\/\/sacalmaboats.com\/es#organization"},"alternateName":"Calma Boats","potentialAction":[{"@type":"SearchAction","target":{"@type":"EntryPoint","urlTemplate":"https:\/\/sacalmaboats.com\/es?s={search_term_string}"},"query-input":{"@type":"PropertyValueSpecification","valueRequired":true,"valueName":"search_term_string"}}],"inLanguage":"es"},{"@type":"Organization","@id":"https:\/\/sacalmaboats.com\/es#organization","name":"Sa Calma Boats","alternateName":"Sa Calma Boats SL","url":"https:\/\/sacalmaboats.com\/es","logo":{"@type":"ImageObject","inLanguage":"es","@id":"https:\/\/sacalmaboats.com\/es#\/schema\/logo\/image\/","url":"https:\/\/sacalmaboats.com\/wp-content\/uploads\/2025\/02\/3.png","contentUrl":"https:\/\/sacalmaboats.com\/wp-content\/uploads\/2025\/02\/3.png","width":512,"height":512,"caption":"Sa Calma Boats"},"image":{"@id":"https:\/\/sacalmaboats.com\/es#\/schema\/logo\/image\/"},"sameAs":["https:\/\/www.facebook.com\/sacalmaboats\/","https:\/\/instagram.com\/sacalmaboats","https:\/\/www.tripadvisor.com\/Attraction_Review-g187463-d25232317-Reviews-Sa_Calma_Boats-Palma_de_Mallorca_Majorca_Balearic_Islands.html"]},{"@type":"Person","@id":"https:\/\/sacalmaboats.com\/es#\/schema\/person\/6468abb6d986d70bdc61e232d9b151e7","name":"Bego","sameAs":["https:\/\/sacalmaboats.live-website.com"]}]}},"_links":{"self":[{"href":"https:\/\/sacalmaboats.com\/es\/wp-json\/wp\/v2\/posts\/5245","targetHints":{"allow":["GET"]}}],"collection":[{"href":"https:\/\/sacalmaboats.com\/es\/wp-json\/wp\/v2\/posts"}],"about":[{"href":"https:\/\/sacalmaboats.com\/es\/wp-json\/wp\/v2\/types\/post"}],"author":[{"embeddable":true,"href":"https:\/\/sacalmaboats.com\/es\/wp-json\/wp\/v2\/users\/1"}],"replies":[{"embeddable":true,"href":"https:\/\/sacalmaboats.com\/es\/wp-json\/wp\/v2\/comments?post=5245"}],"version-history":[{"count":3,"href":"https:\/\/sacalmaboats.com\/es\/wp-json\/wp\/v2\/posts\/5245\/revisions"}],"predecessor-version":[{"id":5617,"href":"https:\/\/sacalmaboats.com\/es\/wp-json\/wp\/v2\/posts\/5245\/revisions\/5617"}],"wp:featuredmedia":[{"embeddable":true,"href":"https:\/\/sacalmaboats.com\/es\/wp-json\/wp\/v2\/media\/4373"}],"wp:attachment":[{"href":"https:\/\/sacalmaboats.com\/es\/wp-json\/wp\/v2\/media?parent=5245"}],"wp:term":[{"taxonomy":"category","embeddable":true,"href":"https:\/\/sacalmaboats.com\/es\/wp-json\/wp\/v2\/categories?post=5245"},{"taxonomy":"post_tag","embeddable":true,"href":"https:\/\/sacalmaboats.com\/es\/wp-json\/wp\/v2\/tags?post=5245"}],"curies":[{"name":"wp","href":"https:\/\/api.w.org\/{rel}","templated":true}]}}